{"id":10802,"date":"2024-11-12T15:49:35","date_gmt":"2024-11-12T14:49:35","guid":{"rendered":"https:\/\/escoffierch.com\/finale-des-jeunes-talents-escoffier-suisse-2024-les-jeunes-talents-a-lhonneur\/"},"modified":"2025-11-01T14:47:46","modified_gmt":"2025-11-01T13:47:46","slug":"finale-des-jeunes-talents-escoffier-suisse-2024-les-jeunes-talents-a-lhonneur","status":"publish","type":"post","link":"https:\/\/escoffierch.com\/fr\/finale-des-jeunes-talents-escoffier-suisse-2024-les-jeunes-talents-a-lhonneur\/","title":{"rendered":"Finale des Jeunes Talents Escoffier Suisse 2024 &#8211; Les jeunes talents \u00e0 l&rsquo;honneur !"},"content":{"rendered":"<blockquote><p>\u00abUne bonne cuisine est le fondement de tout bonheur.\u00bb Auguste Escoffier<\/p><\/blockquote>\n<p>Lors du concours Jeunes Talents de cette ann\u00e9e au Centro Professionale Tecnico CPT \u00e0 Trevano, nous avons eu la possibilit\u00e9 exclusive d&rsquo;assister de pr\u00e8s \u00e0 la d\u00e9monstration des comp\u00e9tences de nos candidats.<\/p>\n<p>Ce concours a pour but de d\u00e9couvrir de futurs talents dans le domaine de la cuisine et du service et d&rsquo;offrir aux jeunes talents la possibilit\u00e9 de participer \u00e0 d&rsquo;autres concours de cuisine et de se d\u00e9velopper avec enthousiasme dans leur m\u00e9tier. En m\u00eame temps, il sert d&rsquo;occasion de rencontres, mais surtout de transmission des arts et des valeurs culinaires \u00e0 la jeune g\u00e9n\u00e9ration. Le concours est ouvert aux jeunes cuisiniers et employ\u00e9s de service de moins de 25 ans.<\/p>\n<p>Les Disciples d&rsquo;Escoffier Suisse pr\u00e9parent de mani\u00e8re cibl\u00e9e les jeunes professionnels \u00e0 leur avenir professionnel. Les finalistes du concours doivent devenir les jeunes talents les plus prometteurs des Disciples d&rsquo;Escoffier. De plus, ils seront accompagn\u00e9s et conseill\u00e9s de mani\u00e8re intensive par notre d\u00e9l\u00e9gation au cours des cinq premi\u00e8res ann\u00e9es de leur formation professionnelle, afin de pouvoir promouvoir leur d\u00e9veloppement professionnel de mani\u00e8re optimale.<\/p>\n<p>A l&rsquo;instar des Disciples d&rsquo;Escoffier du monde entier, les Disciples d&rsquo;Escoffier Suisse se consacrent, depuis leur cr\u00e9ation en 1988, \u00e0 la pr\u00e9servation de la r\u00e9putation d&rsquo;Auguste Escoffier, des traditions de la cuisine fran\u00e7aise et de leur transmission.<\/p>\n<hr>\n<h2>Les gagnants 2024<\/h2>\n<div id='gallery-1' class='gallery galleryid-10802 gallery-columns-2 gallery-size-large'><figure class='gallery-item'>\n\t\t\t<div class='gallery-icon landscape'>\n\t\t\t\t<img fetchpriority=\"high\" decoding=\"async\" width=\"550\" height=\"367\" src=\"https:\/\/escoffierch.com\/wp-content\/uploads\/2024\/11\/jeunes-talents-escoffier-suisse-2024-learte-dagliano.jpg\" class=\"attachment-large size-large\" alt=\"\" aria-describedby=\"gallery-1-10789\" srcset=\"https:\/\/escoffierch.com\/wp-content\/uploads\/2024\/11\/jeunes-talents-escoffier-suisse-2024-learte-dagliano.jpg 550w, https:\/\/escoffierch.com\/wp-content\/uploads\/2024\/11\/jeunes-talents-escoffier-suisse-2024-learte-dagliano-300x200.jpg 300w, https:\/\/escoffierch.com\/wp-content\/uploads\/2024\/11\/jeunes-talents-escoffier-suisse-2024-learte-dagliano-391x260.jpg 391w\" sizes=\"(max-width: 550px) 100vw, 550px\" \/>\n\t\t\t<\/div>\n\t\t\t\t<figcaption class='wp-caption-text gallery-caption' id='gallery-1-10789'>\n\t\t\t\tK\u00fcche: Learte Dagliano\n\t\t\t\t<\/figcaption><\/figure><figure class='gallery-item'>\n\t\t\t<div class='gallery-icon landscape'>\n\t\t\t\t<img decoding=\"async\" width=\"550\" height=\"367\" src=\"https:\/\/escoffierch.com\/wp-content\/uploads\/2024\/11\/jeunes-talents-escoffier-suisse-2024-vincenzo-pascarella.jpg\" class=\"attachment-large size-large\" alt=\"\" aria-describedby=\"gallery-1-10791\" srcset=\"https:\/\/escoffierch.com\/wp-content\/uploads\/2024\/11\/jeunes-talents-escoffier-suisse-2024-vincenzo-pascarella.jpg 550w, https:\/\/escoffierch.com\/wp-content\/uploads\/2024\/11\/jeunes-talents-escoffier-suisse-2024-vincenzo-pascarella-300x200.jpg 300w, https:\/\/escoffierch.com\/wp-content\/uploads\/2024\/11\/jeunes-talents-escoffier-suisse-2024-vincenzo-pascarella-391x260.jpg 391w\" sizes=\"(max-width: 550px) 100vw, 550px\" \/>\n\t\t\t<\/div>\n\t\t\t\t<figcaption class='wp-caption-text gallery-caption' id='gallery-1-10791'>\n\t\t\t\tService: Vincenzo Pascarella\n\t\t\t\t<\/figcaption><\/figure>\n\t\t<\/div>\n\n<hr>\n<h2>Tous les participants au concours de cuisine 2024<\/h2>\n<p><img decoding=\"async\" class=\"alignnone wp-image-10792 size-full\" src=\"https:\/\/escoffierch.com\/wp-content\/uploads\/2024\/11\/jeunes-talents-escoffier-suisse-2024-kueche.jpg\" alt=\"\" width=\"1200\" height=\"800\" srcset=\"https:\/\/escoffierch.com\/wp-content\/uploads\/2024\/11\/jeunes-talents-escoffier-suisse-2024-kueche.jpg 1200w, https:\/\/escoffierch.com\/wp-content\/uploads\/2024\/11\/jeunes-talents-escoffier-suisse-2024-kueche-300x200.jpg 300w, https:\/\/escoffierch.com\/wp-content\/uploads\/2024\/11\/jeunes-talents-escoffier-suisse-2024-kueche-1024x683.jpg 1024w, https:\/\/escoffierch.com\/wp-content\/uploads\/2024\/11\/jeunes-talents-escoffier-suisse-2024-kueche-768x512.jpg 768w, https:\/\/escoffierch.com\/wp-content\/uploads\/2024\/11\/jeunes-talents-escoffier-suisse-2024-kueche-391x260.jpg 391w, https:\/\/escoffierch.com\/wp-content\/uploads\/2024\/11\/jeunes-talents-escoffier-suisse-2024-kueche-624x416.jpg 624w\" sizes=\"(max-width: 1200px) 100vw, 1200px\" \/><\/p>\n<hr>\n<h2>Tous les participants du concours de service 2024<\/h2>\n<p><img loading=\"lazy\" decoding=\"async\" class=\"alignnone size-full wp-image-10794\" src=\"https:\/\/escoffierch.com\/wp-content\/uploads\/2024\/11\/jeunes-talents-escoffier-suisse-2024-service.jpg\" alt=\"\" width=\"1200\" height=\"800\" srcset=\"https:\/\/escoffierch.com\/wp-content\/uploads\/2024\/11\/jeunes-talents-escoffier-suisse-2024-service.jpg 1200w, https:\/\/escoffierch.com\/wp-content\/uploads\/2024\/11\/jeunes-talents-escoffier-suisse-2024-service-300x200.jpg 300w, https:\/\/escoffierch.com\/wp-content\/uploads\/2024\/11\/jeunes-talents-escoffier-suisse-2024-service-1024x683.jpg 1024w, https:\/\/escoffierch.com\/wp-content\/uploads\/2024\/11\/jeunes-talents-escoffier-suisse-2024-service-768x512.jpg 768w, https:\/\/escoffierch.com\/wp-content\/uploads\/2024\/11\/jeunes-talents-escoffier-suisse-2024-service-391x260.jpg 391w, https:\/\/escoffierch.com\/wp-content\/uploads\/2024\/11\/jeunes-talents-escoffier-suisse-2024-service-624x416.jpg 624w\" sizes=\"(max-width: 1200px) 100vw, 1200px\" \/><\/p>\n<hr>\n<p>Un grand merci \u00e0 nos fid\u00e8les et fiers partenaires qui nous ont g\u00e9n\u00e9reusement soutenus avec leurs produits <a href=\"https:\/\/www.nestleprofessional.ch\/\" target=\"_blank\" rel=\"noopener\">Nestl\u00e9 Professional<\/a>, <a href=\"https:\/\/www.hiestand.ch\/\" target=\"_blank\" rel=\"noopener\">Hiestand<\/a>, <a href=\"https:\/\/murailles.ch\/de\/\" target=\"_blank\" rel=\"noopener\">Badoux<\/a>, <a href=\"https:\/\/www.swissgastrosolutions.ch\/de\/\" target=\"_blank\" rel=\"noopener\">Swiss Gastro Solution<\/a>, <a href=\"https:\/\/www.saviva.ch\/\" target=\"_blank\" rel=\"noopener\">Saviva<\/a>, <a href=\"https:\/\/www.hug-foodservice.ch\/\" target=\"_blank\" rel=\"noopener\">Hug<\/a>, <a href=\"https:\/\/sknife.com\/\" target=\"_blank\" rel=\"noopener\">Sknife<\/a>, <a href=\"https:\/\/www.narimpex.ch\/\" target=\"_blank\" rel=\"noopener\">Narimpex<\/a>, <a href=\"https:\/\/www.bragard.ch\/de\/\" target=\"_blank\" rel=\"noopener\">Bragard Suisse<\/a>, <a href=\"https:\/\/www.cuisinart.ch\/\" target=\"_blank\" rel=\"noopener\">Cuisineart<\/a><\/p>\n<p>Apr\u00e8s une c\u00e9r\u00e9monie de victoire et d&rsquo;intronisation digne de ce nom, le pr\u00e9sident Thierry Fischer et le vice-pr\u00e9sident Jean Claude Schmocker ont eu le plaisir de nous inviter au restaurant Ciani \u00e0 Lugano, chez notre membre Dario Ranza. C&rsquo;est l\u00e0 que nous avons pu d\u00e9guster un d\u00e9licieux d\u00eener de gala, nous adonner \u00e0 la convivialit\u00e9 et \u00e9largir notre r\u00e9seau. Vive les Escoffiers Suisse !<\/p>\n<p><strong>Vous trouverez ici toutes les photos de la journ\u00e9e finale et du Chapitre d&rsquo;automne 2024: <a href=\"https:\/\/www.flickr.com\/photos\/194302027@N06\/albums\/72177720321896174\" target=\"_blank\" rel=\"noopener\">Vers l&rsquo;album photo<\/a><\/strong><\/p>\n","protected":false},"excerpt":{"rendered":"<p>\u00abUne bonne cuisine est le fondement de tout bonheur.\u00bb Auguste Escoffier Lors du concours Jeunes Talents de cette ann\u00e9e au Centro Professionale Tecnico CPT \u00e0&hellip;<\/p>\n","protected":false},"author":37,"featured_media":10805,"comment_status":"closed","ping_status":"open","sticky":false,"template":"","format":"standard","meta":{"_acf_changed":false,"pmpro_default_level":"","footnotes":""},"categories":[72,74],"tags":[],"class_list":["post-10802","post","type-post","status-publish","format-standard","has-post-thumbnail","hentry","category-disciple-escoffier-fr","category-jeune-talent-fr","pmpro-has-access"],"acf":[],"_links":{"self":[{"href":"https:\/\/escoffierch.com\/fr\/wp-json\/wp\/v2\/posts\/10802","targetHints":{"allow":["GET"]}}],"collection":[{"href":"https:\/\/escoffierch.com\/fr\/wp-json\/wp\/v2\/posts"}],"about":[{"href":"https:\/\/escoffierch.com\/fr\/wp-json\/wp\/v2\/types\/post"}],"author":[{"embeddable":true,"href":"https:\/\/escoffierch.com\/fr\/wp-json\/wp\/v2\/users\/37"}],"replies":[{"embeddable":true,"href":"https:\/\/escoffierch.com\/fr\/wp-json\/wp\/v2\/comments?post=10802"}],"version-history":[{"count":1,"href":"https:\/\/escoffierch.com\/fr\/wp-json\/wp\/v2\/posts\/10802\/revisions"}],"predecessor-version":[{"id":10806,"href":"https:\/\/escoffierch.com\/fr\/wp-json\/wp\/v2\/posts\/10802\/revisions\/10806"}],"wp:featuredmedia":[{"embeddable":true,"href":"https:\/\/escoffierch.com\/fr\/wp-json\/wp\/v2\/media\/10805"}],"wp:attachment":[{"href":"https:\/\/escoffierch.com\/fr\/wp-json\/wp\/v2\/media?parent=10802"}],"wp:term":[{"taxonomy":"category","embeddable":true,"href":"https:\/\/escoffierch.com\/fr\/wp-json\/wp\/v2\/categories?post=10802"},{"taxonomy":"post_tag","embeddable":true,"href":"https:\/\/escoffierch.com\/fr\/wp-json\/wp\/v2\/tags?post=10802"}],"curies":[{"name":"wp","href":"https:\/\/api.w.org\/{rel}","templated":true}]}}