{"id":10748,"date":"2024-10-22T18:28:08","date_gmt":"2024-10-22T16:28:08","guid":{"rendered":"https:\/\/escoffierch.com\/its-time-to-concours-international-escoffier-entretien-avec-julia-badertscher\/"},"modified":"2024-10-22T18:28:08","modified_gmt":"2024-10-22T16:28:08","slug":"its-time-to-concours-international-escoffier-entretien-avec-julia-badertscher","status":"publish","type":"post","link":"https:\/\/escoffierch.com\/fr\/its-time-to-concours-international-escoffier-entretien-avec-julia-badertscher\/","title":{"rendered":"It&rsquo;s time to Concours International Escoffier &#8211; Entretien avec Julia Badertscher"},"content":{"rendered":"<p><strong>Julia Badertscher repr\u00e9sentera la Suisse au concours international des Disciples Escoffier du 13 au 17 novembre 2024. A cette occasion, nous avons r\u00e9alis\u00e9 une interview avec elle. <\/strong><\/p>\n<hr>\n<p><strong>Bonjour Julia, Nous sommes tous curieux et aimerions en savoir un plus sur notre candidate, peux-tu te pr\u00e9senter bri\u00e8vement ? <\/strong><br \/>\nJe m&rsquo;appelle Julia Badertscher, j&rsquo;ai 19 ans et j&rsquo;habite \u00e0 Kesswil, au bord du lac de Constance. J&rsquo;ai deux fr\u00e8res et s\u0153urs ; un fr\u00e8re jumeau et une s\u0153ur plus jeune. Je travaille comme sp\u00e9cialiste en restauration au Landgasthof Seelust \u00e0 Egnach. Pendant mon temps libre, je joue de la clarinette, je rencontre mes amis ou j&rsquo;aime faire des randonn\u00e9es et du ski.   <\/p>\n<p><strong>Comment s&rsquo;est d\u00e9roul\u00e9e ton enfance et qu&rsquo;est-ce qui t&rsquo;a amen\u00e9 \u00e0 travailler dans la restauration?<\/strong><br \/>\nJ&rsquo;ai eu une tr\u00e8s belle enfance et j&rsquo;ai grandi \u00e0 Kesswil avec mes parents et mes fr\u00e8res et s\u0153urs. De temps en temps, nous allions ensemble au nous allions manger au restaurant ou passions nos vacances \u00e0 l&rsquo;h\u00f4tel et j&rsquo;ai commenc\u00e9 \u00e0 m&rsquo;int\u00e9resser de plus en plus \u00e0 la gastronomie. J&rsquo;ai donc fait un stage d&rsquo;orientation en tant que sp\u00e9cialiste en restauration au Landgasthof Seelust et j&rsquo;ai tout de suite su que je voulais faire cette formation. J&rsquo;ai trouv\u00e9 le m\u00e9tier de mes r\u00eaves!    <\/p>\n<p><strong>Raconte-moi ton quotidien, ton exp\u00e9rience pendant l&rsquo;apprentissage et maintenant apr\u00e8s l&rsquo;examen. Peut-\u00eatre un moment fort que tu as v\u00e9cu. <\/strong><br \/>\nChez moi, les jours se suivent et ne se ressemblent pas, et c&rsquo;est ce qui me pla\u00eet le plus dans mon travail. La plupart du temps, je commence \u00e0 travailler \u00e0 11 heures, je fais les derniers pr\u00e9paratifs pour le service de midi et les premiers clients g\u00e9n\u00e9ralement arrivent d\u00e9j\u00e0. L&rsquo;apr\u00e8s-midi, je vais parfois en pause. Et le soir, je m&rsquo;occupe des clients pendant le service du soir. Pendant mon apprentissage, j&rsquo;ai encore souvent travaill\u00e9 au service du matin pour le service du petit-d\u00e9jeuner. De temps en temps, je participe \u00e0 des caterings \u00e0 l&rsquo;ext\u00e9rieur ou \u00e0 des \u00e9v\u00e9nements comme des anniversaires, des bapt\u00eames, des mariages, etc. Je ne m&rsquo;ennuie jamais. \ud83d\ude42<\/p>\n<p>J&rsquo;ai pass\u00e9 un super apprentissage. J&rsquo;ai beaucoup appris et j&rsquo;ai pu \u00e9voluer sur le plan professionnel et personnel. L&rsquo;\u00e9v\u00e9nement annuel des apprentis a \u00e9t\u00e9 un moment fort. Une soir\u00e9e d\u00eenatoire avec une centaine d&rsquo;invit\u00e9s et nous, les apprentis, avons pu tout organiser nous-m\u00eames. Un autre moment fort a \u00e9t\u00e9 ma participation et ma victoire au concours Young Talent Escoffier 2022 et au concours \u00abPorteur d&rsquo;avenir \u00bb. J&rsquo;ai nomm\u00e9 ma formatrice Nicole Hasen et elle fait partie des trois meilleurs formateurs de l&rsquo;ann\u00e9e. J&rsquo;ai \u00e9galement v\u00e9cu une exp\u00e9rience formidable lors de la restauration de 3000 personnes, \u00e0 laquelle j&rsquo;ai pu participer \u00e0 trois reprises.<\/p>\n<p>Apr\u00e8s mon apprentissage, j&rsquo;ai fait un s\u00e9jour linguistique de six semaines \u00e0 Nice pour am\u00e9liorer mon fran\u00e7ais et j&rsquo;ai travaill\u00e9 une saison d&rsquo;hiver \u00e0 Zermatt, au restaurant Chez Vrony. J&rsquo;ai pass\u00e9 un super moment et j&rsquo;ai acquis de nouvelles exp\u00e9riences. Au printemps, je suis revenue au Seelust, sur le magnifique lac de Constance. En ce moment, je travaille avec les nouveaux apprentis qui viennent de commencer leur formation. C&rsquo;est un grand plaisir pour moi de leur transmettre mes connaissances. Je suis \u00e9galement en train de me pr\u00e9parer pour le concours international Young Talent Escoffier \u00e0 Paris. J&rsquo;ai h\u00e2te de montrer mon savoir-faire. Entre-temps, j&rsquo;aime rencontrer mes amis et ma famille et j&rsquo;aime aussi beaucoup aller d\u00eener dehors. Une fois par semaine, je r\u00e9p\u00e8te dans mon club de musique.     <\/p>\n<p><strong>Quels sont tes futurs projets professionnels?<\/strong><br \/>\nLa prochaine \u00e9tape est la comp\u00e9tition internationale. Ensuite, je travaillerai encore une saison d&rsquo;hiver \u00e0 Zermatt. J&rsquo;aimerais \u00e9galement montrer mes comp\u00e9tences lors des SwissSkills. J&rsquo;aimerais suivre diff\u00e9rentes formations continues, prendre des responsabilit\u00e9s et former moi-m\u00eame des apprentis.   <\/p>\n<p><strong>Est-ce que tu aimes aussi cuisiner?<\/strong><br \/>\nOui j&rsquo;aime cuisiner, mais je ne le fais pas souvent.<\/p>\n<p><strong>Qu&rsquo;est-ce que le concours ou la comp\u00e9tition t&rsquo;a apport\u00e9 ? Quel a \u00e9t\u00e9 le plus grand d\u00e9fi? <\/strong><br \/>\nJ&rsquo;ai pu apprendre beaucoup de nouvelles techniques, j&rsquo;ai acquis de nouvelles exp\u00e9riences et j&rsquo;ai appris \u00e0 mieux me conna\u00eetre. J&rsquo;ai \u00e9galement pu nouer de nouveaux contacts. En raison de ma d\u00e9termination et de mon perfectionnisme, l&rsquo;\u00e9quilibre entre vie professionnelle et vie priv\u00e9e a parfois \u00e9t\u00e9 un d\u00e9fi pour moi. J&rsquo;ai d\u00fb me dire: \u00ab Maintenant, tu vas prendre un peu de temps libre\u00bb. Je suis tr\u00e8s impatiente de donner le meilleur de moi-m\u00eame \u00e0 Paris et de me mesurer aux autres candidats. Mon objectif est de monter sur la plus haute marche du podium!   <\/p>\n<hr>\n<p>Merci Julia, ce fut un plaisir de faire ta connaissance et de constater ton professionnalisme, ton expertise, ton attitude positive et ta motivation. Avec ta famille et tes ma\u00eetres d&rsquo;apprentissage, nous sommes enti\u00e8rement derri\u00e8re toi ! Merci aussi \u00e0 Nicole Hasen ta formatrice, c&rsquo;est toujours motivant de voir que le travail porte ses fruits<\/p>\n<p>Nous allons vivre un grand moment \u00e0 Paris! Je te souhaite tout le meilleur !!!<br \/>Allez la Suisse !!  <\/p>\n","protected":false},"excerpt":{"rendered":"<p>Julia Badertscher repr\u00e9sentera la Suisse au concours international des Disciples Escoffier du 13 au 17 novembre 2024. A cette occasion, nous avons r\u00e9alis\u00e9 une interview&hellip;<\/p>\n","protected":false},"author":37,"featured_media":10750,"comment_status":"closed","ping_status":"open","sticky":false,"template":"","format":"standard","meta":{"_acf_changed":false,"pmpro_default_level":"","footnotes":""},"categories":[74],"tags":[],"class_list":["post-10748","post","type-post","status-publish","format-standard","has-post-thumbnail","hentry","category-jeune-talent-fr","pmpro-has-access"],"acf":[],"_links":{"self":[{"href":"https:\/\/escoffierch.com\/fr\/wp-json\/wp\/v2\/posts\/10748","targetHints":{"allow":["GET"]}}],"collection":[{"href":"https:\/\/escoffierch.com\/fr\/wp-json\/wp\/v2\/posts"}],"about":[{"href":"https:\/\/escoffierch.com\/fr\/wp-json\/wp\/v2\/types\/post"}],"author":[{"embeddable":true,"href":"https:\/\/escoffierch.com\/fr\/wp-json\/wp\/v2\/users\/37"}],"replies":[{"embeddable":true,"href":"https:\/\/escoffierch.com\/fr\/wp-json\/wp\/v2\/comments?post=10748"}],"version-history":[{"count":0,"href":"https:\/\/escoffierch.com\/fr\/wp-json\/wp\/v2\/posts\/10748\/revisions"}],"wp:featuredmedia":[{"embeddable":true,"href":"https:\/\/escoffierch.com\/fr\/wp-json\/wp\/v2\/media\/10750"}],"wp:attachment":[{"href":"https:\/\/escoffierch.com\/fr\/wp-json\/wp\/v2\/media?parent=10748"}],"wp:term":[{"taxonomy":"category","embeddable":true,"href":"https:\/\/escoffierch.com\/fr\/wp-json\/wp\/v2\/categories?post=10748"},{"taxonomy":"post_tag","embeddable":true,"href":"https:\/\/escoffierch.com\/fr\/wp-json\/wp\/v2\/tags?post=10748"}],"curies":[{"name":"wp","href":"https:\/\/api.w.org\/{rel}","templated":true}]}}